{"id":8713,"date":"2021-10-04T13:51:59","date_gmt":"2021-10-04T11:51:59","guid":{"rendered":"http:\/\/www.sanjosecarmelitas.com\/?p=8713"},"modified":"2021-10-05T12:45:30","modified_gmt":"2021-10-05T10:45:30","slug":"en-el-confint-por-el-medio-ambiente","status":"publish","type":"post","link":"https:\/\/www.sanjosecarmelitas.com\/index.php\/en-el-confint-por-el-medio-ambiente\/","title":{"rendered":"En el CONFINT por el medio ambiente \/ CONFINT-en ingurumenaren alde"},"content":{"rendered":"\t\t<div data-elementor-type=\"wp-post\" data-elementor-id=\"8713\" class=\"elementor elementor-8713\" data-elementor-post-type=\"post\">\n\t\t\t\t\t\t<section class=\"elementor-section elementor-top-section elementor-element elementor-element-65576a9 elementor-section-boxed elementor-section-height-default elementor-section-height-default\" data-id=\"65576a9\" data-element_type=\"section\">\n\t\t\t\t\t\t<div class=\"elementor-container elementor-column-gap-default\">\n\t\t\t\t\t<div class=\"elementor-column elementor-col-100 elementor-top-column elementor-element elementor-element-f303906\" data-id=\"f303906\" data-element_type=\"column\">\n\t\t\t<div class=\"elementor-widget-wrap elementor-element-populated\">\n\t\t\t\t\t\t<div class=\"elementor-element elementor-element-76f02bc elementor-widget elementor-widget-text-editor\" data-id=\"76f02bc\" data-element_type=\"widget\" data-widget_type=\"text-editor.default\">\n\t\t\t\t<div class=\"elementor-widget-container\">\n\t\t\t\t\t\t\t\t\t<p style=\"text-align: justify;\"><span style=\"font-weight: 400;\">San\u00a0 Jos\u00e9 &#8211; Carmelitas participa con una representante en el CONFINT, V Conferencia Estatal de J\u00f3venes por el cuidado del planeta, en Guadarrama (Madrid)\u00a0 durante estos d\u00edas.<\/span><\/p><p style=\"text-align: justify;\"><span style=\"font-weight: 400;\">Irune Berganza Alonso de 4\u00baB ESO es nuestra representante en esta conferencia que tiene el lema \u201cTransformando la escuela para transformar pueblos y ciudades, un sue\u00f1o alcanzable\u201d. Irune forma parte del grupo IRAES del colegio que han venido desarrollando un proceso de reflexi\u00f3n acerca de las acciones que podemos realizar desde nuestros centros y nuestra vida para ayudar en la consecuci\u00f3n de los objetivos de desarrollo sostenible.<\/span><\/p><p style=\"text-align: justify;\"><span style=\"font-weight: 400;\">La labor que est\u00e1 desempe\u00f1ando Irune estos d\u00edas\u00a0 en Guadarrama es ser la portavoz\u00a0 de la reflexi\u00f3n y el trabajo realizado en torno a varios temas medioambientales donde nuestras y nuestros j\u00f3venes tienen tanto que decir.<\/span><\/p><p style=\"text-align: justify;\"><span style=\"font-weight: 400;\">Ya en el mes de abril tuvo lugar la CONFINT\u00a0 en la que se trabaj\u00f3 a nivel escolar, en mayo a nivel de Euskadi, y participamos tambi\u00e9n en la Conferencia online que tuvo lugar en Junio organizada desde Albacete.\u00a0<\/span><\/p><p style=\"text-align: justify;\"><span style=\"font-weight: 400;\">Desde la Red de Escuelas Sostenibles (ESenRED) que es la organizadora de este V CONFINT Estatal nos dan la posibilidad de seguir a Irune en estos d\u00edas en los que tiene la gran oportunidad de\u00a0 hacer propuestas para contribuir a la Agenda Urbana 2030, aportando su visi\u00f3n y conocimiento.<\/span><\/p><p style=\"text-align: justify;\"><span style=\"font-weight: 400;\">Si quieres seguir informado puntualmente de su labor puedes seguir el blog de ESenRED<\/span><\/p><p style=\"text-align: justify;\"><a href=\"https:\/\/esenred.blogspot.com\/\"><span style=\"font-weight: 400;\">https:\/\/esenred.blogspot.com\/<\/span><\/a><\/p><p style=\"text-align: justify;\">\u00a0<\/p><p style=\"text-align: justify;\"><span style=\"font-size: 14pt;\"><strong>\u00a1Estamos contigo, Irune!<\/strong><\/span><\/p>\t\t\t\t\t\t\t\t<\/div>\n\t\t\t\t<\/div>\n\t\t\t\t\t<\/div>\n\t\t<\/div>\n\t\t\t\t\t<\/div>\n\t\t<\/section>\n\t\t\t\t<section class=\"elementor-section elementor-top-section elementor-element elementor-element-ab0c426 elementor-section-boxed elementor-section-height-default elementor-section-height-default\" data-id=\"ab0c426\" data-element_type=\"section\">\n\t\t\t\t\t\t<div class=\"elementor-container elementor-column-gap-default\">\n\t\t\t\t\t<div class=\"elementor-column elementor-col-100 elementor-top-column elementor-element elementor-element-9bff315\" data-id=\"9bff315\" data-element_type=\"column\">\n\t\t\t<div class=\"elementor-widget-wrap elementor-element-populated\">\n\t\t\t\t\t\t<div class=\"elementor-element elementor-element-6994e0b elementor-widget elementor-widget-image\" data-id=\"6994e0b\" data-element_type=\"widget\" data-widget_type=\"image.default\">\n\t\t\t\t<div class=\"elementor-widget-container\">\n\t\t\t\t\t\t\t\t\t\t\t\t\t\t\t<img fetchpriority=\"high\" decoding=\"async\" width=\"798\" height=\"448\" src=\"https:\/\/www.sanjosecarmelitas.com\/wp-content\/uploads\/2021\/10\/confint-2.jpg\" class=\"attachment-large size-large wp-image-8714\" alt=\"\" srcset=\"https:\/\/www.sanjosecarmelitas.com\/wp-content\/uploads\/2021\/10\/confint-2.jpg 798w, https:\/\/www.sanjosecarmelitas.com\/wp-content\/uploads\/2021\/10\/confint-2-300x168.jpg 300w, https:\/\/www.sanjosecarmelitas.com\/wp-content\/uploads\/2021\/10\/confint-2-768x431.jpg 768w\" sizes=\"(max-width: 798px) 100vw, 798px\" \/>\t\t\t\t\t\t\t\t\t\t\t\t\t\t\t<\/div>\n\t\t\t\t<\/div>\n\t\t\t\t\t<\/div>\n\t\t<\/div>\n\t\t\t\t\t<\/div>\n\t\t<\/section>\n\t\t\t\t<\/div>\n\t\t","protected":false},"excerpt":{"rendered":"<p>San&nbsp; Jos\u00e9 &#8211; Carmelitas participa con una representante en el CONFINT, V Conferencia Estatal de J\u00f3venes por el cuidado del planeta, en Guadarrama (Madrid)&nbsp; durante estos d\u00edas. Irune Berganza Alonso de 4\u00baB ESO es nuestra representante en esta conferencia que tiene el lema \u201cTransformando la escuela para transformar pueblos y ciudades, un sue\u00f1o alcanzable\u201d. Irune [&hellip;]<\/p>\n","protected":false},"author":2,"featured_media":8716,"comment_status":"closed","ping_status":"closed","sticky":false,"template":"","format":"standard","meta":{"site-sidebar-layout":"default","site-content-layout":"default","ast-site-content-layout":"default","site-content-style":"default","site-sidebar-style":"default","ast-global-header-display":"","ast-banner-title-visibility":"","ast-main-header-display":"","ast-hfb-above-header-display":"","ast-hfb-below-header-display":"","ast-hfb-mobile-header-display":"","site-post-title":"","ast-breadcrumbs-content":"","ast-featured-img":"","footer-sml-layout":"","ast-disable-related-posts":"","theme-transparent-header-meta":"default","adv-header-id-meta":"","stick-header-meta":"","header-above-stick-meta":"","header-main-stick-meta":"","header-below-stick-meta":"","astra-migrate-meta-layouts":"default","ast-page-background-enabled":"default","ast-page-background-meta":{"desktop":{"background-color":"var(--ast-global-color-4)","background-image":"","background-repeat":"repeat","background-position":"center center","background-size":"auto","background-attachment":"scroll","background-type":"","background-media":"","overlay-type":"","overlay-color":"","overlay-opacity":"","overlay-gradient":""},"tablet":{"background-color":"","background-image":"","background-repeat":"repeat","background-position":"center center","background-size":"auto","background-attachment":"scroll","background-type":"","background-media":"","overlay-type":"","overlay-color":"","overlay-opacity":"","overlay-gradient":""},"mobile":{"background-color":"","background-image":"","background-repeat":"repeat","background-position":"center center","background-size":"auto","background-attachment":"scroll","background-type":"","background-media":"","overlay-type":"","overlay-color":"","overlay-opacity":"","overlay-gradient":""}},"ast-content-background-meta":{"desktop":{"background-color":"var(--ast-global-color-5)","background-image":"","background-repeat":"repeat","background-position":"center center","background-size":"auto","background-attachment":"scroll","background-type":"","background-media":"","overlay-type":"","overlay-color":"","overlay-opacity":"","overlay-gradient":""},"tablet":{"background-color":"var(--ast-global-color-5)","background-image":"","background-repeat":"repeat","background-position":"center center","background-size":"auto","background-attachment":"scroll","background-type":"","background-media":"","overlay-type":"","overlay-color":"","overlay-opacity":"","overlay-gradient":""},"mobile":{"background-color":"var(--ast-global-color-5)","background-image":"","background-repeat":"repeat","background-position":"center center","background-size":"auto","background-attachment":"scroll","background-type":"","background-media":"","overlay-type":"","overlay-color":"","overlay-opacity":"","overlay-gradient":""}},"footnotes":""},"categories":[22],"tags":[43,45,44,46],"class_list":["post-8713","post","type-post","status-publish","format-standard","has-post-thumbnail","hentry","category-noticias","tag-confint","tag-ingurumena","tag-iraes","tag-medio-ambiente"],"_links":{"self":[{"href":"https:\/\/www.sanjosecarmelitas.com\/index.php\/wp-json\/wp\/v2\/posts\/8713","targetHints":{"allow":["GET"]}}],"collection":[{"href":"https:\/\/www.sanjosecarmelitas.com\/index.php\/wp-json\/wp\/v2\/posts"}],"about":[{"href":"https:\/\/www.sanjosecarmelitas.com\/index.php\/wp-json\/wp\/v2\/types\/post"}],"author":[{"embeddable":true,"href":"https:\/\/www.sanjosecarmelitas.com\/index.php\/wp-json\/wp\/v2\/users\/2"}],"replies":[{"embeddable":true,"href":"https:\/\/www.sanjosecarmelitas.com\/index.php\/wp-json\/wp\/v2\/comments?post=8713"}],"version-history":[{"count":5,"href":"https:\/\/www.sanjosecarmelitas.com\/index.php\/wp-json\/wp\/v2\/posts\/8713\/revisions"}],"predecessor-version":[{"id":8728,"href":"https:\/\/www.sanjosecarmelitas.com\/index.php\/wp-json\/wp\/v2\/posts\/8713\/revisions\/8728"}],"wp:featuredmedia":[{"embeddable":true,"href":"https:\/\/www.sanjosecarmelitas.com\/index.php\/wp-json\/wp\/v2\/media\/8716"}],"wp:attachment":[{"href":"https:\/\/www.sanjosecarmelitas.com\/index.php\/wp-json\/wp\/v2\/media?parent=8713"}],"wp:term":[{"taxonomy":"category","embeddable":true,"href":"https:\/\/www.sanjosecarmelitas.com\/index.php\/wp-json\/wp\/v2\/categories?post=8713"},{"taxonomy":"post_tag","embeddable":true,"href":"https:\/\/www.sanjosecarmelitas.com\/index.php\/wp-json\/wp\/v2\/tags?post=8713"}],"curies":[{"name":"wp","href":"https:\/\/api.w.org\/{rel}","templated":true}]}}