{"id":8562,"date":"2021-03-03T10:23:33","date_gmt":"2021-03-03T09:23:33","guid":{"rendered":"http:\/\/www.sanjosecarmelitas.com\/?p=8562"},"modified":"2021-03-03T10:35:01","modified_gmt":"2021-03-03T09:35:01","slug":"celebracion-del-dia-del-oso-polar","status":"publish","type":"post","link":"https:\/\/www.sanjosecarmelitas.com\/index.php\/celebracion-del-dia-del-oso-polar\/","title":{"rendered":"Celebraci\u00f3n del D\u00eda del Oso Polar &#8211; Hartz Polarraren Eguna"},"content":{"rendered":"\t\t<div data-elementor-type=\"wp-post\" data-elementor-id=\"8562\" class=\"elementor elementor-8562\" data-elementor-post-type=\"post\">\n\t\t\t\t\t\t<section class=\"elementor-section elementor-top-section elementor-element elementor-element-99ac249 elementor-section-boxed elementor-section-height-default elementor-section-height-default\" data-id=\"99ac249\" data-element_type=\"section\">\n\t\t\t\t\t\t<div class=\"elementor-container elementor-column-gap-default\">\n\t\t\t\t\t<div class=\"elementor-column elementor-col-100 elementor-top-column elementor-element elementor-element-0733206\" data-id=\"0733206\" data-element_type=\"column\">\n\t\t\t<div class=\"elementor-widget-wrap elementor-element-populated\">\n\t\t\t\t\t\t<div class=\"elementor-element elementor-element-30ea615 elementor-widget elementor-widget-text-editor\" data-id=\"30ea615\" data-element_type=\"widget\" data-widget_type=\"text-editor.default\">\n\t\t\t\t<div class=\"elementor-widget-container\">\n\t\t\t\t\t\t\t\t\t<div dir=\"auto\"><em>Haur Hezkuntzan\u00a0 Otsailaren 26an Hartz Polarraren Nazioarteko Eguna ospatzen dugu, klima aldaketak hartz polarren populazioetan duen eraginaz kontzientziatzeko egun berezia. Hartzak gure lagunak dira.<\/em><\/div><div dir=\"auto\">\u00a0<\/div><div dir=\"auto\">En Educaci\u00f3n Infantil el d\u00eda 26 de febrero hemos\u00a0 celebrado el D\u00eda Internacional del Oso Polar, una fecha especial para concienciar sobre el impacto del cambio clim\u00e1tico en las poblaciones de osos polares. Los osos son nuestros amigos.<\/div>\t\t\t\t\t\t\t\t<\/div>\n\t\t\t\t<\/div>\n\t\t\t\t\t<\/div>\n\t\t<\/div>\n\t\t\t\t\t<\/div>\n\t\t<\/section>\n\t\t\t\t<section class=\"elementor-section elementor-top-section elementor-element elementor-element-be4cb32 elementor-section-boxed elementor-section-height-default elementor-section-height-default\" data-id=\"be4cb32\" data-element_type=\"section\">\n\t\t\t\t\t\t<div class=\"elementor-container elementor-column-gap-default\">\n\t\t\t\t\t<div class=\"elementor-column elementor-col-33 elementor-top-column elementor-element elementor-element-94541a6\" data-id=\"94541a6\" data-element_type=\"column\">\n\t\t\t<div class=\"elementor-widget-wrap elementor-element-populated\">\n\t\t\t\t\t\t<div class=\"elementor-element elementor-element-6e227de elementor-widget elementor-widget-image\" data-id=\"6e227de\" data-element_type=\"widget\" data-widget_type=\"image.default\">\n\t\t\t\t<div class=\"elementor-widget-container\">\n\t\t\t\t\t\t\t\t\t\t\t\t\t\t\t<img fetchpriority=\"high\" decoding=\"async\" width=\"960\" height=\"960\" src=\"https:\/\/www.sanjosecarmelitas.com\/wp-content\/uploads\/2021\/03\/oso-polar-3.jpg\" class=\"attachment-large size-large wp-image-8569\" alt=\"\" srcset=\"https:\/\/www.sanjosecarmelitas.com\/wp-content\/uploads\/2021\/03\/oso-polar-3.jpg 960w, https:\/\/www.sanjosecarmelitas.com\/wp-content\/uploads\/2021\/03\/oso-polar-3-150x150.jpg 150w, https:\/\/www.sanjosecarmelitas.com\/wp-content\/uploads\/2021\/03\/oso-polar-3-300x300.jpg 300w, https:\/\/www.sanjosecarmelitas.com\/wp-content\/uploads\/2021\/03\/oso-polar-3-768x768.jpg 768w\" sizes=\"(max-width: 960px) 100vw, 960px\" \/>\t\t\t\t\t\t\t\t\t\t\t\t\t\t\t<\/div>\n\t\t\t\t<\/div>\n\t\t\t\t\t<\/div>\n\t\t<\/div>\n\t\t\t\t<div class=\"elementor-column elementor-col-33 elementor-top-column elementor-element elementor-element-f8d2c1a\" data-id=\"f8d2c1a\" data-element_type=\"column\">\n\t\t\t<div class=\"elementor-widget-wrap elementor-element-populated\">\n\t\t\t\t\t\t<div class=\"elementor-element elementor-element-e92cdd2 elementor-widget elementor-widget-image\" data-id=\"e92cdd2\" data-element_type=\"widget\" data-widget_type=\"image.default\">\n\t\t\t\t<div class=\"elementor-widget-container\">\n\t\t\t\t\t\t\t\t\t\t\t\t\t\t\t<img decoding=\"async\" width=\"960\" height=\"960\" src=\"https:\/\/www.sanjosecarmelitas.com\/wp-content\/uploads\/2021\/03\/oso-polar-4.jpg\" class=\"attachment-large size-large wp-image-8571\" alt=\"\" srcset=\"https:\/\/www.sanjosecarmelitas.com\/wp-content\/uploads\/2021\/03\/oso-polar-4.jpg 960w, https:\/\/www.sanjosecarmelitas.com\/wp-content\/uploads\/2021\/03\/oso-polar-4-150x150.jpg 150w, https:\/\/www.sanjosecarmelitas.com\/wp-content\/uploads\/2021\/03\/oso-polar-4-300x300.jpg 300w, https:\/\/www.sanjosecarmelitas.com\/wp-content\/uploads\/2021\/03\/oso-polar-4-768x768.jpg 768w\" sizes=\"(max-width: 960px) 100vw, 960px\" \/>\t\t\t\t\t\t\t\t\t\t\t\t\t\t\t<\/div>\n\t\t\t\t<\/div>\n\t\t\t\t\t<\/div>\n\t\t<\/div>\n\t\t\t\t<div class=\"elementor-column elementor-col-33 elementor-top-column elementor-element elementor-element-6238a01\" data-id=\"6238a01\" data-element_type=\"column\">\n\t\t\t<div class=\"elementor-widget-wrap elementor-element-populated\">\n\t\t\t\t\t\t<div class=\"elementor-element elementor-element-cb20b7b elementor-widget elementor-widget-image\" data-id=\"cb20b7b\" data-element_type=\"widget\" data-widget_type=\"image.default\">\n\t\t\t\t<div class=\"elementor-widget-container\">\n\t\t\t\t\t\t\t\t\t\t\t\t\t\t\t<img decoding=\"async\" width=\"960\" height=\"960\" src=\"https:\/\/www.sanjosecarmelitas.com\/wp-content\/uploads\/2021\/03\/oso-polar-2.jpg\" class=\"attachment-large size-large wp-image-8573\" alt=\"\" srcset=\"https:\/\/www.sanjosecarmelitas.com\/wp-content\/uploads\/2021\/03\/oso-polar-2.jpg 960w, https:\/\/www.sanjosecarmelitas.com\/wp-content\/uploads\/2021\/03\/oso-polar-2-150x150.jpg 150w, https:\/\/www.sanjosecarmelitas.com\/wp-content\/uploads\/2021\/03\/oso-polar-2-300x300.jpg 300w, https:\/\/www.sanjosecarmelitas.com\/wp-content\/uploads\/2021\/03\/oso-polar-2-768x768.jpg 768w\" sizes=\"(max-width: 960px) 100vw, 960px\" \/>\t\t\t\t\t\t\t\t\t\t\t\t\t\t\t<\/div>\n\t\t\t\t<\/div>\n\t\t\t\t\t<\/div>\n\t\t<\/div>\n\t\t\t\t\t<\/div>\n\t\t<\/section>\n\t\t\t\t<\/div>\n\t\t","protected":false},"excerpt":{"rendered":"<p>Haur Hezkuntzan&nbsp; Otsailaren 26an Hartz Polarraren Nazioarteko Eguna ospatzen dugu, klima aldaketak hartz polarren populazioetan duen eraginaz kontzientziatzeko egun berezia. Hartzak gure lagunak dira.&nbsp;En Educaci\u00f3n Infantil el d\u00eda 26 de febrero hemos&nbsp; celebrado el D\u00eda Internacional del Oso Polar, una fecha especial para concienciar sobre el impacto del cambio clim\u00e1tico en las poblaciones de osos [&hellip;]<\/p>\n","protected":false},"author":2,"featured_media":8564,"comment_status":"closed","ping_status":"closed","sticky":false,"template":"","format":"standard","meta":{"site-sidebar-layout":"default","site-content-layout":"default","ast-site-content-layout":"default","site-content-style":"default","site-sidebar-style":"default","ast-global-header-display":"","ast-banner-title-visibility":"","ast-main-header-display":"","ast-hfb-above-header-display":"","ast-hfb-below-header-display":"","ast-hfb-mobile-header-display":"","site-post-title":"","ast-breadcrumbs-content":"","ast-featured-img":"","footer-sml-layout":"","ast-disable-related-posts":"","theme-transparent-header-meta":"default","adv-header-id-meta":"","stick-header-meta":"","header-above-stick-meta":"","header-main-stick-meta":"","header-below-stick-meta":"","astra-migrate-meta-layouts":"default","ast-page-background-enabled":"default","ast-page-background-meta":{"desktop":{"background-color":"var(--ast-global-color-4)","background-image":"","background-repeat":"repeat","background-position":"center center","background-size":"auto","background-attachment":"scroll","background-type":"","background-media":"","overlay-type":"","overlay-color":"","overlay-opacity":"","overlay-gradient":""},"tablet":{"background-color":"","background-image":"","background-repeat":"repeat","background-position":"center center","background-size":"auto","background-attachment":"scroll","background-type":"","background-media":"","overlay-type":"","overlay-color":"","overlay-opacity":"","overlay-gradient":""},"mobile":{"background-color":"","background-image":"","background-repeat":"repeat","background-position":"center center","background-size":"auto","background-attachment":"scroll","background-type":"","background-media":"","overlay-type":"","overlay-color":"","overlay-opacity":"","overlay-gradient":""}},"ast-content-background-meta":{"desktop":{"background-color":"var(--ast-global-color-5)","background-image":"","background-repeat":"repeat","background-position":"center center","background-size":"auto","background-attachment":"scroll","background-type":"","background-media":"","overlay-type":"","overlay-color":"","overlay-opacity":"","overlay-gradient":""},"tablet":{"background-color":"var(--ast-global-color-5)","background-image":"","background-repeat":"repeat","background-position":"center center","background-size":"auto","background-attachment":"scroll","background-type":"","background-media":"","overlay-type":"","overlay-color":"","overlay-opacity":"","overlay-gradient":""},"mobile":{"background-color":"var(--ast-global-color-5)","background-image":"","background-repeat":"repeat","background-position":"center center","background-size":"auto","background-attachment":"scroll","background-type":"","background-media":"","overlay-type":"","overlay-color":"","overlay-opacity":"","overlay-gradient":""}},"footnotes":""},"categories":[22],"tags":[],"class_list":["post-8562","post","type-post","status-publish","format-standard","has-post-thumbnail","hentry","category-noticias"],"_links":{"self":[{"href":"https:\/\/www.sanjosecarmelitas.com\/index.php\/wp-json\/wp\/v2\/posts\/8562","targetHints":{"allow":["GET"]}}],"collection":[{"href":"https:\/\/www.sanjosecarmelitas.com\/index.php\/wp-json\/wp\/v2\/posts"}],"about":[{"href":"https:\/\/www.sanjosecarmelitas.com\/index.php\/wp-json\/wp\/v2\/types\/post"}],"author":[{"embeddable":true,"href":"https:\/\/www.sanjosecarmelitas.com\/index.php\/wp-json\/wp\/v2\/users\/2"}],"replies":[{"embeddable":true,"href":"https:\/\/www.sanjosecarmelitas.com\/index.php\/wp-json\/wp\/v2\/comments?post=8562"}],"version-history":[{"count":5,"href":"https:\/\/www.sanjosecarmelitas.com\/index.php\/wp-json\/wp\/v2\/posts\/8562\/revisions"}],"predecessor-version":[{"id":8584,"href":"https:\/\/www.sanjosecarmelitas.com\/index.php\/wp-json\/wp\/v2\/posts\/8562\/revisions\/8584"}],"wp:featuredmedia":[{"embeddable":true,"href":"https:\/\/www.sanjosecarmelitas.com\/index.php\/wp-json\/wp\/v2\/media\/8564"}],"wp:attachment":[{"href":"https:\/\/www.sanjosecarmelitas.com\/index.php\/wp-json\/wp\/v2\/media?parent=8562"}],"wp:term":[{"taxonomy":"category","embeddable":true,"href":"https:\/\/www.sanjosecarmelitas.com\/index.php\/wp-json\/wp\/v2\/categories?post=8562"},{"taxonomy":"post_tag","embeddable":true,"href":"https:\/\/www.sanjosecarmelitas.com\/index.php\/wp-json\/wp\/v2\/tags?post=8562"}],"curies":[{"name":"wp","href":"https:\/\/api.w.org\/{rel}","templated":true}]}}