{"id":8182,"date":"2020-10-13T11:26:17","date_gmt":"2020-10-13T09:26:17","guid":{"rendered":"http:\/\/www.sanjosecarmelitas.com\/?p=8182"},"modified":"2020-10-13T12:10:21","modified_gmt":"2020-10-13T10:10:21","slug":"becas-no-universitarias","status":"publish","type":"post","link":"https:\/\/www.sanjosecarmelitas.com\/index.php\/becas-no-universitarias\/","title":{"rendered":"Becas no universitarias"},"content":{"rendered":"\t\t<div data-elementor-type=\"wp-post\" data-elementor-id=\"8182\" class=\"elementor elementor-8182\" data-elementor-post-type=\"post\">\n\t\t\t\t\t\t<section class=\"elementor-section elementor-top-section elementor-element elementor-element-e876815 elementor-section-boxed elementor-section-height-default elementor-section-height-default\" data-id=\"e876815\" data-element_type=\"section\">\n\t\t\t\t\t\t<div class=\"elementor-container elementor-column-gap-default\">\n\t\t\t\t\t<div class=\"elementor-column elementor-col-100 elementor-top-column elementor-element elementor-element-52157b7\" data-id=\"52157b7\" data-element_type=\"column\">\n\t\t\t<div class=\"elementor-widget-wrap elementor-element-populated\">\n\t\t\t\t\t\t<div class=\"elementor-element elementor-element-ba08da0 elementor-widget elementor-widget-text-editor\" data-id=\"ba08da0\" data-element_type=\"widget\" data-widget_type=\"text-editor.default\">\n\t\t\t\t<div class=\"elementor-widget-container\">\n\t\t\t\t\t\t\t\t\t<p>Ya est\u00e1 abierto el plazo de solicitud de Becas y Ayudas al estudio para el curso 2020-2021.<\/p><p>Estas ayudas est\u00e1n dirigidas al alumnado no universitario que cursa Educaci\u00f3n Infantil, Educaci\u00f3n Primaria, Educaci\u00f3n Secundaria, Bachillerato y otras ense\u00f1anzas formativas dentro de la Comunidad Aut\u00f3noma del Pa\u00eds Vasco.<\/p><p>El plazo de solicitud es del <strong>9 de Octubre al 9 de Noviembre<\/strong> de 2020 y se puede hacer la <strong>solicitud de modo Online<\/strong>.<\/p>\t\t\t\t\t\t\t\t<\/div>\n\t\t\t\t<\/div>\n\t\t\t\t\t<\/div>\n\t\t<\/div>\n\t\t\t\t\t<\/div>\n\t\t<\/section>\n\t\t\t\t<section class=\"elementor-section elementor-top-section elementor-element elementor-element-49f8aad elementor-section-boxed elementor-section-height-default elementor-section-height-default\" data-id=\"49f8aad\" data-element_type=\"section\">\n\t\t\t\t\t\t<div class=\"elementor-container elementor-column-gap-default\">\n\t\t\t\t\t<div class=\"elementor-column elementor-col-33 elementor-top-column elementor-element elementor-element-4923319\" data-id=\"4923319\" data-element_type=\"column\">\n\t\t\t<div class=\"elementor-widget-wrap elementor-element-populated\">\n\t\t\t\t\t\t<div class=\"elementor-element elementor-element-b56ada5 elementor-widget elementor-widget-text-editor\" data-id=\"b56ada5\" data-element_type=\"widget\" data-widget_type=\"text-editor.default\">\n\t\t\t\t<div class=\"elementor-widget-container\">\n\t\t\t\t\t\t\t\t\t<p>\u00a0<\/p><p>\u00a0<\/p><p>Descarga aqu\u00ed el folleto explicativo<\/p>\t\t\t\t\t\t\t\t<\/div>\n\t\t\t\t<\/div>\n\t\t\t\t\t<\/div>\n\t\t<\/div>\n\t\t\t\t<div class=\"elementor-column elementor-col-33 elementor-top-column elementor-element elementor-element-5f7c06b\" data-id=\"5f7c06b\" data-element_type=\"column\">\n\t\t\t<div class=\"elementor-widget-wrap elementor-element-populated\">\n\t\t\t\t\t\t<div class=\"elementor-element elementor-element-0ca38bb elementor-widget elementor-widget-text-editor\" data-id=\"0ca38bb\" data-element_type=\"widget\" data-widget_type=\"text-editor.default\">\n\t\t\t\t<div class=\"elementor-widget-container\">\n\t\t\t\t\t\t\t\t\t<p style=\"text-align: center;\"><a href=\"https:\/\/www.sanjosecarmelitas.com\/wp-content\/uploads\/2020\/10\/Becas-no-unive-inf-y-prim.pdf\">BECAS NO UNIVERSITARIAS<\/a><\/p><p style=\"text-align: center;\"><a href=\"https:\/\/www.sanjosecarmelitas.com\/wp-content\/uploads\/2020\/10\/Becas-no-unive-inf-y-prim.pdf\">ED. INFANTIL, ED. PRIMARIA Y ESO<\/a><\/p><p><a href=\"https:\/\/www.sanjosecarmelitas.com\/wp-content\/uploads\/2020\/10\/Becas-no-unive-inf-y-prim.pdf\"><img fetchpriority=\"high\" decoding=\"async\" class=\"alignnone size-medium wp-image-8186\" src=\"https:\/\/www.sanjosecarmelitas.com\/wp-content\/uploads\/2020\/10\/folleto-becas-no-universitarias-300x203.jpg\" alt=\"\" width=\"300\" height=\"203\" srcset=\"https:\/\/www.sanjosecarmelitas.com\/wp-content\/uploads\/2020\/10\/folleto-becas-no-universitarias-300x203.jpg 300w, https:\/\/www.sanjosecarmelitas.com\/wp-content\/uploads\/2020\/10\/folleto-becas-no-universitarias-768x521.jpg 768w, https:\/\/www.sanjosecarmelitas.com\/wp-content\/uploads\/2020\/10\/folleto-becas-no-universitarias.jpg 1022w\" sizes=\"(max-width: 300px) 100vw, 300px\" \/><\/a><\/p>\t\t\t\t\t\t\t\t<\/div>\n\t\t\t\t<\/div>\n\t\t\t\t\t<\/div>\n\t\t<\/div>\n\t\t\t\t<div class=\"elementor-column elementor-col-33 elementor-top-column elementor-element elementor-element-c25a09a\" data-id=\"c25a09a\" data-element_type=\"column\">\n\t\t\t<div class=\"elementor-widget-wrap elementor-element-populated\">\n\t\t\t\t\t\t<div class=\"elementor-element elementor-element-1a54dbb elementor-widget elementor-widget-text-editor\" data-id=\"1a54dbb\" data-element_type=\"widget\" data-widget_type=\"text-editor.default\">\n\t\t\t\t<div class=\"elementor-widget-container\">\n\t\t\t\t\t\t\t\t\t<p style=\"text-align: center;\"><a href=\"https:\/\/www.sanjosecarmelitas.com\/wp-content\/uploads\/2020\/10\/becas-no-univ-bachillerato.pdf\">BECAS NO UNIVERSITARIAS<\/a><\/p><p style=\"text-align: center;\"><a href=\"https:\/\/www.sanjosecarmelitas.com\/wp-content\/uploads\/2020\/10\/becas-no-univ-bachillerato.pdf\">BACHILLERATO<\/a><\/p><p><a href=\"https:\/\/www.sanjosecarmelitas.com\/wp-content\/uploads\/2020\/10\/becas-no-univ-bachillerato.pdf\"><img fetchpriority=\"high\" decoding=\"async\" class=\"alignnone size-medium wp-image-8186\" src=\"https:\/\/www.sanjosecarmelitas.com\/wp-content\/uploads\/2020\/10\/folleto-becas-no-universitarias-300x203.jpg\" alt=\"\" width=\"300\" height=\"203\" srcset=\"https:\/\/www.sanjosecarmelitas.com\/wp-content\/uploads\/2020\/10\/folleto-becas-no-universitarias-300x203.jpg 300w, https:\/\/www.sanjosecarmelitas.com\/wp-content\/uploads\/2020\/10\/folleto-becas-no-universitarias-768x521.jpg 768w, https:\/\/www.sanjosecarmelitas.com\/wp-content\/uploads\/2020\/10\/folleto-becas-no-universitarias.jpg 1022w\" sizes=\"(max-width: 300px) 100vw, 300px\" \/><\/a><\/p>\t\t\t\t\t\t\t\t<\/div>\n\t\t\t\t<\/div>\n\t\t\t\t\t<\/div>\n\t\t<\/div>\n\t\t\t\t\t<\/div>\n\t\t<\/section>\n\t\t\t\t<section class=\"elementor-section elementor-top-section elementor-element elementor-element-502d812 elementor-section-boxed elementor-section-height-default elementor-section-height-default\" data-id=\"502d812\" data-element_type=\"section\">\n\t\t\t\t\t\t<div class=\"elementor-container elementor-column-gap-default\">\n\t\t\t\t\t<div class=\"elementor-column elementor-col-100 elementor-top-column elementor-element elementor-element-17ccd2b\" data-id=\"17ccd2b\" data-element_type=\"column\">\n\t\t\t<div class=\"elementor-widget-wrap elementor-element-populated\">\n\t\t\t\t\t\t<div class=\"elementor-element elementor-element-8846e79 elementor-widget elementor-widget-text-editor\" data-id=\"8846e79\" data-element_type=\"widget\" data-widget_type=\"text-editor.default\">\n\t\t\t\t<div class=\"elementor-widget-container\">\n\t\t\t\t\t\t\t\t\t<p>Si quieres m\u00e1s informaci\u00f3n puedes acudir al siguiente enlace:<\/p><p><a href=\"https:\/\/www.euskadi.eus\/becas-y-ayudas-al-estudio-para-la-escolaricazion-de-estudiantes-de-niveles-no-universitarios\/web01-a2hikasl\/es\/\">https:\/\/www.euskadi.eus\/becas-y-ayudas-al-estudio-para-la-escolaricazion-de-estudiantes-de-niveles-no-universitarios\/web01-a2hikasl\/es\/<\/a><\/p>\t\t\t\t\t\t\t\t<\/div>\n\t\t\t\t<\/div>\n\t\t\t\t\t<\/div>\n\t\t<\/div>\n\t\t\t\t\t<\/div>\n\t\t<\/section>\n\t\t\t\t<section class=\"elementor-section elementor-top-section elementor-element elementor-element-9872ac0 elementor-section-boxed elementor-section-height-default elementor-section-height-default\" data-id=\"9872ac0\" data-element_type=\"section\">\n\t\t\t\t\t\t<div class=\"elementor-container elementor-column-gap-default\">\n\t\t\t\t\t<div class=\"elementor-column elementor-col-50 elementor-top-column elementor-element elementor-element-0c3bfc3\" data-id=\"0c3bfc3\" data-element_type=\"column\">\n\t\t\t<div class=\"elementor-widget-wrap elementor-element-populated\">\n\t\t\t\t\t\t<div class=\"elementor-element elementor-element-6a7a1f3 elementor-widget elementor-widget-text-editor\" data-id=\"6a7a1f3\" data-element_type=\"widget\" data-widget_type=\"text-editor.default\">\n\t\t\t\t<div class=\"elementor-widget-container\">\n\t\t\t\t\t\t\t\t\t<p>\u00a0<\/p><p>Para realizar la solicitud online, pincha<a href=\"https:\/\/www.euskadi.eus\/ayuda_subvencion\/2020\/nouni\/web01-tramite\/es\/\"> aqu\u00ed<\/a>:<\/p>\t\t\t\t\t\t\t\t<\/div>\n\t\t\t\t<\/div>\n\t\t\t\t\t<\/div>\n\t\t<\/div>\n\t\t\t\t<div class=\"elementor-column elementor-col-50 elementor-top-column elementor-element elementor-element-fe6808d\" data-id=\"fe6808d\" data-element_type=\"column\">\n\t\t\t<div class=\"elementor-widget-wrap elementor-element-populated\">\n\t\t\t\t\t\t<div class=\"elementor-element elementor-element-6fd6a3f elementor-widget elementor-widget-image\" data-id=\"6fd6a3f\" data-element_type=\"widget\" data-widget_type=\"image.default\">\n\t\t\t\t<div class=\"elementor-widget-container\">\n\t\t\t\t\t\t\t\t\t\t\t\t\t\t\t\t<a href=\"https:\/\/www.euskadi.eus\/ayuda_subvencion\/2020\/nouni\/web01-tramite\/es\/\">\n\t\t\t\t\t\t\t<img decoding=\"async\" width=\"340\" height=\"146\" src=\"https:\/\/www.sanjosecarmelitas.com\/wp-content\/uploads\/2020\/10\/on-line-eskabidea.jpg\" class=\"attachment-large size-large wp-image-8188\" alt=\"\" srcset=\"https:\/\/www.sanjosecarmelitas.com\/wp-content\/uploads\/2020\/10\/on-line-eskabidea.jpg 340w, https:\/\/www.sanjosecarmelitas.com\/wp-content\/uploads\/2020\/10\/on-line-eskabidea-300x129.jpg 300w\" sizes=\"(max-width: 340px) 100vw, 340px\" \/>\t\t\t\t\t\t\t\t<\/a>\n\t\t\t\t\t\t\t\t\t\t\t\t\t\t\t<\/div>\n\t\t\t\t<\/div>\n\t\t\t\t\t<\/div>\n\t\t<\/div>\n\t\t\t\t\t<\/div>\n\t\t<\/section>\n\t\t\t\t<\/div>\n\t\t","protected":false},"excerpt":{"rendered":"<p>Ya est\u00e1 abierto el plazo de solicitud de Becas y Ayudas al estudio para el curso 2020-2021. Estas ayudas est\u00e1n dirigidas al alumnado no universitario que cursa Educaci\u00f3n Infantil, Educaci\u00f3n Primaria, Educaci\u00f3n Secundaria, Bachillerato y otras ense\u00f1anzas formativas dentro de la Comunidad Aut\u00f3noma del Pa\u00eds Vasco. El plazo de solicitud es del 9 de Octubre [&hellip;]<\/p>\n","protected":false},"author":2,"featured_media":8183,"comment_status":"closed","ping_status":"closed","sticky":false,"template":"","format":"standard","meta":{"site-sidebar-layout":"default","site-content-layout":"default","ast-site-content-layout":"default","site-content-style":"default","site-sidebar-style":"default","ast-global-header-display":"","ast-banner-title-visibility":"","ast-main-header-display":"","ast-hfb-above-header-display":"","ast-hfb-below-header-display":"","ast-hfb-mobile-header-display":"","site-post-title":"","ast-breadcrumbs-content":"","ast-featured-img":"","footer-sml-layout":"","ast-disable-related-posts":"","theme-transparent-header-meta":"default","adv-header-id-meta":"","stick-header-meta":"","header-above-stick-meta":"","header-main-stick-meta":"","header-below-stick-meta":"","astra-migrate-meta-layouts":"default","ast-page-background-enabled":"default","ast-page-background-meta":{"desktop":{"background-color":"var(--ast-global-color-4)","background-image":"","background-repeat":"repeat","background-position":"center center","background-size":"auto","background-attachment":"scroll","background-type":"","background-media":"","overlay-type":"","overlay-color":"","overlay-opacity":"","overlay-gradient":""},"tablet":{"background-color":"","background-image":"","background-repeat":"repeat","background-position":"center center","background-size":"auto","background-attachment":"scroll","background-type":"","background-media":"","overlay-type":"","overlay-color":"","overlay-opacity":"","overlay-gradient":""},"mobile":{"background-color":"","background-image":"","background-repeat":"repeat","background-position":"center center","background-size":"auto","background-attachment":"scroll","background-type":"","background-media":"","overlay-type":"","overlay-color":"","overlay-opacity":"","overlay-gradient":""}},"ast-content-background-meta":{"desktop":{"background-color":"var(--ast-global-color-5)","background-image":"","background-repeat":"repeat","background-position":"center center","background-size":"auto","background-attachment":"scroll","background-type":"","background-media":"","overlay-type":"","overlay-color":"","overlay-opacity":"","overlay-gradient":""},"tablet":{"background-color":"var(--ast-global-color-5)","background-image":"","background-repeat":"repeat","background-position":"center center","background-size":"auto","background-attachment":"scroll","background-type":"","background-media":"","overlay-type":"","overlay-color":"","overlay-opacity":"","overlay-gradient":""},"mobile":{"background-color":"var(--ast-global-color-5)","background-image":"","background-repeat":"repeat","background-position":"center center","background-size":"auto","background-attachment":"scroll","background-type":"","background-media":"","overlay-type":"","overlay-color":"","overlay-opacity":"","overlay-gradient":""}},"footnotes":""},"categories":[22],"tags":[],"class_list":["post-8182","post","type-post","status-publish","format-standard","has-post-thumbnail","hentry","category-noticias"],"_links":{"self":[{"href":"https:\/\/www.sanjosecarmelitas.com\/index.php\/wp-json\/wp\/v2\/posts\/8182","targetHints":{"allow":["GET"]}}],"collection":[{"href":"https:\/\/www.sanjosecarmelitas.com\/index.php\/wp-json\/wp\/v2\/posts"}],"about":[{"href":"https:\/\/www.sanjosecarmelitas.com\/index.php\/wp-json\/wp\/v2\/types\/post"}],"author":[{"embeddable":true,"href":"https:\/\/www.sanjosecarmelitas.com\/index.php\/wp-json\/wp\/v2\/users\/2"}],"replies":[{"embeddable":true,"href":"https:\/\/www.sanjosecarmelitas.com\/index.php\/wp-json\/wp\/v2\/comments?post=8182"}],"version-history":[{"count":5,"href":"https:\/\/www.sanjosecarmelitas.com\/index.php\/wp-json\/wp\/v2\/posts\/8182\/revisions"}],"predecessor-version":[{"id":8202,"href":"https:\/\/www.sanjosecarmelitas.com\/index.php\/wp-json\/wp\/v2\/posts\/8182\/revisions\/8202"}],"wp:featuredmedia":[{"embeddable":true,"href":"https:\/\/www.sanjosecarmelitas.com\/index.php\/wp-json\/wp\/v2\/media\/8183"}],"wp:attachment":[{"href":"https:\/\/www.sanjosecarmelitas.com\/index.php\/wp-json\/wp\/v2\/media?parent=8182"}],"wp:term":[{"taxonomy":"category","embeddable":true,"href":"https:\/\/www.sanjosecarmelitas.com\/index.php\/wp-json\/wp\/v2\/categories?post=8182"},{"taxonomy":"post_tag","embeddable":true,"href":"https:\/\/www.sanjosecarmelitas.com\/index.php\/wp-json\/wp\/v2\/tags?post=8182"}],"curies":[{"name":"wp","href":"https:\/\/api.w.org\/{rel}","templated":true}]}}